[{"@context":"https:\/\/schema.org\/","@type":"Article","@id":"https:\/\/www.oppa.cz\/bratr-a-cviceni\/#Article","mainEntityOfPage":"https:\/\/www.oppa.cz\/bratr-a-cviceni\/","headline":"Bratr a cvi\u010den\u00ed","name":"Bratr a cvi\u010den\u00ed","description":"Je logick\u00e9, \u017ee kdy\u017e \u010dlov\u011bk chce n\u011bco zarezervovat, tak se spol\u00e9h\u00e1 na rezerva\u010dn\u00ed syst\u00e9m. A v tomhle jsem nebyla sama, proto\u017ee m\u016fj bratr chodil do","datePublished":"2022-09-26","dateModified":"2023-05-18","author":{"@type":"Person","@id":"https:\/\/www.oppa.cz\/author\/#Person","name":"","url":"https:\/\/www.oppa.cz\/author\/","identifier":1,"image":{"@type":"ImageObject","@id":"https:\/\/secure.gravatar.com\/avatar\/48db5b3634ed7a3f1f89bca90f0a2521b0bb3970d57e3653d258d10b0f31fdf3?s=96&d=mm&r=g","url":"https:\/\/secure.gravatar.com\/avatar\/48db5b3634ed7a3f1f89bca90f0a2521b0bb3970d57e3653d258d10b0f31fdf3?s=96&d=mm&r=g","height":96,"width":96}},"publisher":{"@type":"Organization","name":"oppa.cz","logo":{"@type":"ImageObject","@id":"\/logo.png","url":"\/logo.png","width":600,"height":60}},"image":{"@type":"ImageObject","@id":"https:\/\/www.oppa.cz\/wp-content\/uploads\/physiotherapy-595529_960_720.jpg","url":"https:\/\/www.oppa.cz\/wp-content\/uploads\/physiotherapy-595529_960_720.jpg","height":0,"width":0},"url":"https:\/\/www.oppa.cz\/bratr-a-cviceni\/","about":["Podnik\u00e1n\u00ed"],"wordCount":442,"articleBody":"    Je logick\u00e9, \u017ee kdy\u017e \u010dlov\u011bk chce n\u011bco zarezervovat, tak se spol\u00e9h\u00e1 na rezerva\u010dn\u00ed syst\u00e9m. A v tomhle jsem nebyla sama, proto\u017ee m\u016fj bratr chodil do posilovny \u010dasto, proto\u017ee se zaj\u00edmal o fitness. Tak\u017ee bylo logick\u00e9, \u017ee si bratr taky ud\u011blal n\u011bkdy rezervaci, aby mohl ve fitness centru cvi\u010dit. On opravdu m\u011bl r\u00e1d, kdy\u017e si mohl po\u0159\u00e1dn\u011b zacvi\u010dit. A v\u017edycky bylo nesv\u016fj, kdy\u017e t\u0159eba nemohl cvi\u010dit, kdy\u017e bylo nap\u0159\u00edklad fitness centrum zav\u0159en\u00e9. Nebo se taky kolikr\u00e1t stalo, \u017ee cel\u00e9 fitness centrum bylo tak p\u0159epln\u011bn\u00e9, \u017ee u\u017e tam nepou\u0161t\u011bli dal\u0161\u00ed lidi.      A tohle v\u017edycky bratra hodn\u011b na\u0161tvalo http:\/\/wiki.geocaching.cz\/wiki\/Jak_za%25C4%258D%25C3%25ADt  Je to opravdu slo\u017eit\u00e9, proto\u017ee m\u016fj bratr je stra\u0161n\u00fd cholerik, tak\u017ee si jist\u011b dok\u00e1\u017eete p\u0159edstavit, jak to v\u0161echno dopadlo. Bratr byl vztekl\u00fd a na v\u0161echny jenom sprost\u011b k\u0159i\u010del. No jo, je to prost\u011b m\u016fj cholerick\u00fd bratr, kter\u00fd si nikdy ned\u00e1 \u0159\u00edct nebo si n\u011bco po\u0159\u00e1dn\u011b vysv\u011btlit. Kdy\u017e nebylo podle jeho p\u0159edstav, byl d\u011bsn\u00fd. Tak\u017ee na\u0161t\u011bst\u00ed to dopadlo tak, \u017ee kone\u010dn\u011b se ud\u011blalo ve fitness centru rezerva\u010dn\u00ed syst\u00e9m. A rezerva\u010dn\u00ed syst\u00e9m funguje na takov\u00e9m principu, \u017ee si \u010dlov\u011bk n\u011bco zamluv\u00ed dop\u0159edu.   A zamluv\u00ed si zde pr\u00e1v\u011b ve fitness centru, kam bratr moc r\u00e1d chod\u00ed. Mysl\u00edm, \u017ee to byl opravdu skv\u011bl\u00fd n\u00e1pad, jak p\u0159edej\u00edt nehod\u00e1m. A pak se \u010dlov\u011bk nemus\u00ed b\u00e1t, \u017ee na n\u011bj t\u0159eba nezbude m\u00edsto nebo tam bude u\u017e nav\u00edc. Tak\u017ee jsem to bratrovi \u0159ekla a ten byl opravdu z toho r\u00e1d, \u017ee se stala kone\u010dn\u011b n\u011bjak\u00e1 zm\u011bna. A ze za\u010d\u00e1tku d\u011blal je\u0161t\u011b st\u00e1le ura\u017een\u00e9ho, kv\u016fli ned\u00e1vn\u00e9mu probl\u00e9m kv\u016fli tomu, \u017ee bratr tam m\u011bl j\u00edt, ale u\u017e tam bohu\u017eel na n\u011bj nezbylo m\u00edsto. Tak\u017ee od t\u00e9 doby si u\u017e bratr d\u00e1v\u00e1 velk\u00fd pozor a rad\u011bji si d\u011bl\u00e1 rezervaci dop\u0159edu. A mysl\u00edm si, \u017ee opravdu ka\u017ed\u00fd \u010dlov\u011bk by ocenil rezerva\u010dn\u00ed syst\u00e9m, proto\u017ee alespo\u0148 takhle nem\u016f\u017ee doj\u00edt \u017e\u00e1dn\u00e9mu omylu. A vy vyu\u017e\u00edv\u00e1te rezerva\u010dn\u00ed syst\u00e9m https:\/\/fitness-rezervace.cz\/? Pokud ne, tak o tom m\u016f\u017eete za\u010d\u00edt uva\u017eovat. Vyplat\u00ed se v\u00e1m to.                                                                                                                                                                                                                                                                                                                                                                                           4\/5 - (6 votes)        "},{"@context":"https:\/\/schema.org\/","@type":"BreadcrumbList","itemListElement":[{"@type":"ListItem","position":1,"name":"Bratr a cvi\u010den\u00ed","item":"https:\/\/www.oppa.cz\/bratr-a-cviceni\/#breadcrumbitem"}]}]