[{"@context":"https:\/\/schema.org\/","@type":"Article","@id":"https:\/\/www.oppa.cz\/na-kolo-i-v-zimnim-pocasi\/#Article","mainEntityOfPage":"https:\/\/www.oppa.cz\/na-kolo-i-v-zimnim-pocasi\/","headline":"Na kolo i v zimn\u00edm po\u010das\u00ed","name":"Na kolo i v zimn\u00edm po\u010das\u00ed","description":"v\u011bnovat va\u0161emu sportu po cel\u00fd rok, jednak v letn\u00edm obdob\u00ed, jedna v zimn\u00edm obdob\u00ed. V \u010cesk\u00e9 republice nejsou zase tak \u0161patn\u00e9 a extr\u00e9mn\u00ed podm\u00ednky v","datePublished":"2022-10-22","dateModified":"2023-05-18","author":{"@type":"Person","@id":"https:\/\/www.oppa.cz\/author\/#Person","name":"","url":"https:\/\/www.oppa.cz\/author\/","identifier":1,"image":{"@type":"ImageObject","@id":"https:\/\/secure.gravatar.com\/avatar\/48db5b3634ed7a3f1f89bca90f0a2521b0bb3970d57e3653d258d10b0f31fdf3?s=96&d=mm&r=g","url":"https:\/\/secure.gravatar.com\/avatar\/48db5b3634ed7a3f1f89bca90f0a2521b0bb3970d57e3653d258d10b0f31fdf3?s=96&d=mm&r=g","height":96,"width":96}},"publisher":{"@type":"Organization","name":"oppa.cz","logo":{"@type":"ImageObject","@id":"\/logo.png","url":"\/logo.png","width":600,"height":60}},"image":{"@type":"ImageObject","@id":"https:\/\/www.oppa.cz\/wp-content\/uploads\/snih.jpg","url":"https:\/\/www.oppa.cz\/wp-content\/uploads\/snih.jpg","height":0,"width":0},"url":"https:\/\/www.oppa.cz\/na-kolo-i-v-zimnim-pocasi\/","about":["V\u00fdrobky"],"wordCount":402,"articleBody":"        v\u011bnovat va\u0161emu sportu po cel\u00fd rok, jednak v letn\u00edm obdob\u00ed, jedna v zimn\u00edm obdob\u00ed. V \u010cesk\u00e9 republice nejsou zase tak \u0161patn\u00e9 a extr\u00e9mn\u00ed podm\u00ednky v zim\u011b, proto m\u016f\u017eeme v n\u00ed\u017ein\u00e1ch p\u0159i dobr\u00fdch pov\u011btrnostn\u00edch podm\u00ednk\u00e1ch vyt\u00e1hnout t\u0159eba i kolo a u\u017e\u00edt si zimn\u00ed j\u00edzdu.Ka\u017ed\u00fd kdo to ale takto provozuje v\u00e1m rozhodn\u011b potvrd\u00ed, \u017ee je t\u0159eba m\u00edt na sebe nepromokav\u00e9 oble\u010den\u00ed na vrchn\u00ed vrstv\u011b jedna, a jedna, \u017ee je d\u016fle\u017eit\u00e1 i spodn\u00ed vrstva, kter\u00e1 mus\u00ed kvalitn\u011b odv\u00e1d\u011bt pot od t\u011bla, ale tak\u00e9 zah\u0159\u00e1t. Samoz\u0159ejmost\u00ed jsou i vhodn\u00e9 spodn\u00ed kalhoty, d\u00edky kter\u00fdm si m\u016f\u017eete u\u017e\u00edt bezstarostnou j\u00edzdu na kole bez otla\u010denin na zadku. Pokud jste tak\u00e9 v\u00e1\u0161niv\u00fd p\u0159\u00edznivce cyklistiky za jak\u00e9hokoli obdob\u00ed nebo po\u010das\u00ed, vsa\u010fte na Silvini oble\u010den\u00ed, co\u017e je \u010desk\u00e1 zna\u010dka, vyr\u00e1b\u011bj\u00edc\u00ed produkty speci\u00e1ln\u011b pro takov\u00e9to u\u017eivatele, ale i pro aktivn\u00ed vrcholov\u00e9 sportovce. Jak pono\u017eky, tak trika, nepromokav\u00e9 bundy, \u0161\u00e1tky kolem krku, kalhoty, bundy, \u010depice, i cyklistick\u00e9 n\u00e1vleky na nohy https:\/\/www.mmr.cz\/getmedia\/55dfa8f3-a995-4739-8e8a-7a397fa1635c\/GetFile5_3.pdf  to v\u0161echno je jejich reperto\u00e1r.A nemus\u00ed se jednat jenom o cyklistiku, s v\u00fdbavou to bude podobn\u00e9 i kdy\u017e vyraz\u00edte t\u0159eba v zim\u011b na b\u011b\u017eky, proto\u017ee i na to se tato \u010desk\u00e1 firma specializuje. V tomto p\u0159\u00edpad\u011b ocen\u00edte zejm\u00e9na kvalitn\u00ed \u0161\u00e1tky, \u010depice, rukavice i kalhoty a softshellov\u00e9 bundy. Vyberou si jak mu\u017ei, tak \u017eeny a na v\u00fdb\u011br je opravdu velk\u00e9 mno\u017estv\u00ed produkt\u016f. Pobyty na hor\u00e1ch u\u017e na sebe nenechaj\u00ed dlouho \u010dekat, vyzbrojte se kvalitou outdoorov\u00e9ho vybaven\u00ed, kter\u00e9 v\u00e1m m\u016f\u017ee nap\u0159\u00edklad naje\u017eit Je\u017e\u00ed\u0161ek pod strome\u010dek, nev\u00e1hejte a napi\u0161te si o to. T\u0159eba takov\u00e9 \u010delenky nebo bundy ocen\u00ed i b\u011b\u017eci, kte\u0159\u00ed si ani v zim\u011b ne\u0159eknou dost a vyr\u00e1\u017eej\u00ed se prob\u011bhnout i tehdy, kdy po\u010das\u00ed moc nep\u0159eje, trochu pr\u0161\u00ed nebo sn\u011b\u017e\u00ed, \u010dlov\u011bk vlastn\u011b ani nev\u00ed, ale oni prost\u011b tou\u017e\u00ed se prot\u00e1hnout a dostat do t\u011bla novou energii. S touto v\u00fdbavou budou naprosto p\u0159ed v\u0161\u00edm ochr\u00e1n\u011bni.                                                                                                                                                                                                                                                                                                                                                                                           5\/5 - (1 vote)        "},{"@context":"https:\/\/schema.org\/","@type":"BreadcrumbList","itemListElement":[{"@type":"ListItem","position":1,"name":"Na kolo i v zimn\u00edm po\u010das\u00ed","item":"https:\/\/www.oppa.cz\/na-kolo-i-v-zimnim-pocasi\/#breadcrumbitem"}]}]