[{"@context":"https:\/\/schema.org\/","@type":"Article","@id":"https:\/\/www.oppa.cz\/proc-dat-prednost-svetle-barve-posuvnych-dveri-vestavenych-skrini\/#Article","mainEntityOfPage":"https:\/\/www.oppa.cz\/proc-dat-prednost-svetle-barve-posuvnych-dveri-vestavenych-skrini\/","headline":"Pro\u010d d\u00e1t p\u0159ednost sv\u011btl\u00e9 barv\u011b posuvn\u00fdch dve\u0159\u00ed vestav\u011bn\u00fdch sk\u0159\u00edn\u00ed","name":"Pro\u010d d\u00e1t p\u0159ednost sv\u011btl\u00e9 barv\u011b posuvn\u00fdch dve\u0159\u00ed vestav\u011bn\u00fdch sk\u0159\u00edn\u00ed","description":"Rad\u011bji do p\u0159eds\u00edn\u011b ne\u017e do lo\u017enice \u2013 v mnoha interi\u00e9rech se po\u010d\u00edt\u00e1 s t\u00edm, \u017ee bude v lo\u017enici pod\u00e9l cel\u00e9 st\u011bny k dispozici n\u00e1bytek od","datePublished":"2024-03-22","dateModified":"2024-04-23","author":{"@type":"Person","@id":"https:\/\/www.oppa.cz\/author\/#Person","name":"","url":"https:\/\/www.oppa.cz\/author\/","identifier":1,"image":{"@type":"ImageObject","@id":"https:\/\/secure.gravatar.com\/avatar\/48db5b3634ed7a3f1f89bca90f0a2521b0bb3970d57e3653d258d10b0f31fdf3?s=96&d=mm&r=g","url":"https:\/\/secure.gravatar.com\/avatar\/48db5b3634ed7a3f1f89bca90f0a2521b0bb3970d57e3653d258d10b0f31fdf3?s=96&d=mm&r=g","height":96,"width":96}},"publisher":{"@type":"Organization","name":"oppa.cz","logo":{"@type":"ImageObject","@id":"\/logo.png","url":"\/logo.png","width":600,"height":60}},"image":{"@type":"ImageObject","@id":"https:\/\/www.oppa.cz\/wp-content\/uploads\/closet-4730589_640_9.jpg","url":"https:\/\/www.oppa.cz\/wp-content\/uploads\/closet-4730589_640_9.jpg","height":0,"width":0},"url":"https:\/\/www.oppa.cz\/proc-dat-prednost-svetle-barve-posuvnych-dveri-vestavenych-skrini\/","about":["V\u00fdrobky"],"wordCount":458,"articleBody":"      Rad\u011bji do p\u0159eds\u00edn\u011b ne\u017e do lo\u017enice \u2013 v mnoha interi\u00e9rech se po\u010d\u00edt\u00e1 s t\u00edm, \u017ee bude v lo\u017enici pod\u00e9l cel\u00e9 st\u011bny k dispozici n\u00e1bytek od zem\u011b a\u017e ke stropu. Jen\u017ee toto \u0159e\u0161en\u00ed nen\u00ed \u0161\u0165astn\u00e9 z n\u011bkolika d\u016fvod\u016f. Za prv\u00e9 si vytvo\u0159\u00edte z lo\u017enice sklad. Pamatujte, \u017ee ka\u017ed\u00fd p\u0159edm\u011bt na v\u00e1s p\u016fsob\u00ed svou energi\u00ed, a \u010d\u00edm v\u00edce p\u0159edm\u011bt\u016f tu je, t\u00edm v\u00edce v\u00e1s to bude rozptylovat a ru\u0161it z odpo\u010dinku a klidu. Lo\u017enice by m\u011bla b\u00fdt co nejv\u00edce vypr\u00e1zdn\u011bn\u00e1, abyste se tu l\u00e9pe regenerovali, a tak\u00e9 t\u0159eba i milovali. Za druh\u00e9 si t\u00edm zbyte\u010dn\u011b ukroj\u00edte voln\u00fd prostor, tak\u017ee lo\u017enice pak bude zbyte\u010dn\u011b mal\u00e1, a to se tu teprve budete c\u00edtit nesv\u00ed.Sv\u011btl\u00e1 barva odr\u00e1\u017e\u00ed v\u00edce sv\u011btla \u2013 v hmotn\u00e9m sv\u011bt\u011b plat\u00ed fyzik\u00e1ln\u00ed z\u00e1kony \u00fapln\u011b stejn\u011b v Rakousku nebo v Uruguayi. V ka\u017ed\u00e9 zemi budou sv\u011btl\u00e9 materi\u00e1ly odr\u00e1\u017eet mnohem l\u00e9pe sv\u011btlo, ne\u017e ty tmav\u00e9. Jestli\u017ee tedy vsad\u00edte pr\u00e1v\u011b vy na sv\u011btl\u00fd odst\u00edn barvy posuvn\u00fdch dve\u0159\u00ed, nap\u0159\u00edklad na vzor Whitepearl Sten sk\u0159\u00edn\u011b, budete m\u00edt jistotu, \u017ee ve va\u0161em p\u0159\u00edbytku se nebudete c\u00edtit st\u00edsn\u011bn\u011b. Volba sv\u011btl\u00e9 barvy n\u00e1bytku je velmi d\u016fle\u017eit\u00e1 pr\u00e1v\u011b pro psychickou pohodu, proto\u017ee tmav\u00fd n\u00e1bytek m\u00e1 tak\u00e9 tendenci odeb\u00edrat energii z va\u0161\u00ed aury, tak\u017ee se po ur\u010dit\u00e9 dob\u011b m\u016f\u017eete doma p\u0159istihnout, \u017ee v\u00e1s v\u00edce bol\u00ed hlava, \u017ee m\u00e1te za\u017e\u00edvac\u00ed pot\u00ed\u017ee, nebo trp\u00edte depresemi. Toto je prokazateln\u00fd fakt, snadno dolo\u017eiteln\u00fd na z\u00e1klad\u011b experiment\u016f s p\u016fsoben\u00edm fyzik\u00e1ln\u00edch jev\u016f.Osv\u011btlen\u00ed sk\u0159\u00edn\u00ed \u2013 jistou v\u00fdhodou vestaveb na m\u00edru je i to, \u017ee je lze osv\u011btlit vhodnou osv\u011btlovac\u00ed technikou, nap\u0159\u00edklad bodov\u00fdmi reflektory nebo LED p\u00e1sky. Ty lze um\u00edstit nad sk\u0159\u00ed\u0148 do horn\u00ed li\u0161ty nebo do vnit\u0159n\u00edch prostor, aby tu osv\u011btlen\u00ed usnad\u0148ovalo orientaci mezi jednotliv\u00fdmi reg\u00e1ly. https:\/\/www.bauhaus.cz\/fileadmin\/mounts\/cz\/Netcats\/2017\/catalog\/CZ_netcat_Regaly_a_ulozne_systemy_2017_0517\/index.html Zrcadla \u2013 jestli\u017ee vsad\u00edte na sk\u0159\u00ed\u0148 se zrcadlem, doporu\u010dujeme jejich tvar upravit do podoby r\u016fzn\u00fdch zak\u0159iven\u00ed, \u010d\u00edm\u017e vznikne velmi zaj\u00edmav\u00e1 koncepce cel\u00e9 obytn\u00e9 st\u011bny. Toto \u0159e\u0161en\u00ed tak\u00e9 opticky prodlu\u017euje \u010di zv\u011bt\u0161uje m\u00edstnost, a pr\u00e1v\u011b v chodb\u011b nebo v p\u0159eds\u00edni to bude v\u00edce ne\u017e vhodn\u00e9.                                                                                                                                                                                                                                                                                                                                                                                          4.7\/5 - (3 votes)        "},{"@context":"https:\/\/schema.org\/","@type":"BreadcrumbList","itemListElement":[{"@type":"ListItem","position":1,"name":"Pro\u010d d\u00e1t p\u0159ednost sv\u011btl\u00e9 barv\u011b posuvn\u00fdch dve\u0159\u00ed vestav\u011bn\u00fdch sk\u0159\u00edn\u00ed","item":"https:\/\/www.oppa.cz\/proc-dat-prednost-svetle-barve-posuvnych-dveri-vestavenych-skrini\/#breadcrumbitem"}]}]