[{"@context":"https:\/\/schema.org\/","@type":"Article","@id":"https:\/\/www.oppa.cz\/zimni-prazdniny-a-jejich-program\/#Article","mainEntityOfPage":"https:\/\/www.oppa.cz\/zimni-prazdniny-a-jejich-program\/","headline":"Zimn\u00ed pr\u00e1zdniny a jejich program","name":"Zimn\u00ed pr\u00e1zdniny a jejich program","description":"Jedny pr\u00e1zdniny skon\u010dily a u\u017e abyste p\u0159em\u00fd\u0161leli nad t\u00edm, co dostanou d\u011bti pod strome\u010dek a kde t\u0159eba budete tr\u00e1vit dny po v\u00e1no\u010dn\u00edch sv\u00e1tc\u00edch, proto\u017ee jste","datePublished":"2022-09-10","dateModified":"2023-05-03","author":{"@type":"Person","@id":"https:\/\/www.oppa.cz\/author\/#Person","name":"","url":"https:\/\/www.oppa.cz\/author\/","identifier":1,"image":{"@type":"ImageObject","@id":"https:\/\/secure.gravatar.com\/avatar\/48db5b3634ed7a3f1f89bca90f0a2521b0bb3970d57e3653d258d10b0f31fdf3?s=96&d=mm&r=g","url":"https:\/\/secure.gravatar.com\/avatar\/48db5b3634ed7a3f1f89bca90f0a2521b0bb3970d57e3653d258d10b0f31fdf3?s=96&d=mm&r=g","height":96,"width":96}},"publisher":{"@type":"Organization","name":"oppa.cz","logo":{"@type":"ImageObject","@id":"\/logo.png","url":"\/logo.png","width":600,"height":60}},"image":{"@type":"ImageObject","@id":"https:\/\/www.oppa.cz\/wp-content\/uploads\/lyze.jpg","url":"https:\/\/www.oppa.cz\/wp-content\/uploads\/lyze.jpg","height":0,"width":0},"url":"https:\/\/www.oppa.cz\/zimni-prazdniny-a-jejich-program\/","about":["Podnik\u00e1n\u00ed"],"wordCount":435,"articleBody":"          Jedny pr\u00e1zdniny skon\u010dily a u\u017e abyste p\u0159em\u00fd\u0161leli nad t\u00edm, co dostanou d\u011bti pod strome\u010dek a kde t\u0159eba budete tr\u00e1vit dny po v\u00e1no\u010dn\u00edch sv\u00e1tc\u00edch, proto\u017ee jste si t\u0159eba \u0159\u00edkali, \u017ee by bylo skv\u011bl\u00e9 vyjet si s rodinou n\u011bkam na Silvestra a oslavit Silvestra pr\u00e1v\u011b na hor\u00e1ch, kde to m\u00e1 svoje velkolep\u00e9 kouzlo. D\u011bti u\u017e jsou v\u011bt\u0161\u00ed, tak\u017ee byste je pomalu mohli za\u010d\u00edt u\u010dit na ly\u017e\u00edch nebo na prkn\u011b nebo u\u017e jsou zdatn\u00fdmi ly\u017ea\u0159i jako vy? Man\u017eelka by se vydala na b\u011b\u017eky, zat\u00edmco by v\u00e1m uva\u0159ila na apartm\u00e1nu horkou pol\u00e9vku a byla by to dokonal\u00e1 zimn\u00ed poh\u00e1dka.V\u0161echno je ale t\u0159eba \u0159e\u0161it zav\u010dasu. Pokud si v prosinci vzpomenete, \u017ee chcete jet b\u011bhem voln\u00fdch dn\u00ed mezi sv\u00e1tky na hory, patrn\u011b u\u017e bude pozd\u011b a v\u0161echno ji\u017e bude pln\u011b obsazen\u00e9. Mo\u017en\u00e1 by to tak\u00e9 cht\u011blo n\u011bjakou zm\u011bnu, proto\u017ee jste zvykl\u00ed jezdi do Krkono\u0161, ale cht\u011bli byste poznat i n\u011bco jin\u00e9ho a hlavn\u011b n\u011bco, kde by se d\u011bti opravdu vy\u0159\u00e1dily? M\u00e1me pro v\u00e1s skv\u011bl\u00fd tip \u2013 je\u010fte do Orlick\u00fdch hor, kter\u00e9 nab\u00edzej\u00ed poklidn\u00e9 prost\u0159ed\u00ed, ale i prvot\u0159\u00eddn\u00ed st\u0159edisko alpsk\u00e9ho typu. U\u017e jste sly\u0161eli o Bukov\u00e9 ho\u0159e, kter\u00e1 nab\u00edz\u00ed celkem p\u011bt sjezdov\u00fdch trat\u00ed? Mezi nimi najdeme d\u011btskou sjezdovku, sjezdovku pro m\u00e9n\u011b zdatn\u00e9 ly\u017ea\u0159e, d\u00e1le b\u011b\u017eeck\u00e9 trat\u011b, kidpark, prost\u011b maxim\u00e1ln\u011b mo\u017en\u00e9 vy\u017eit\u00ed. Cel\u00e1 rodina nebo i dv\u011b rodiny si p\u0159ijdou  https:\/\/zpravy.idnes.cz\/studenti-eu-velka-britanie-brexit-univerzita-fop-\/zahranicni.aspx%3Fc%3DA171228_111517_zahranicni_amu na sv\u00e9. Pro milovn\u00edky snowboardu je tu tak\u00e9 snowpark s nejr\u016fzn\u011bj\u0161\u00edmi p\u0159ek\u00e1\u017ekami. Snowpark je pr\u00e1v\u011b v \u010cenkovic\u00edch, ale lanovkou m\u016f\u017eete vyjet na Bukovou horu a vyzkou\u0161et zase sjezdovky nad \u010cervenou vodou a zase se vr\u00e1tit. Prost\u011b ly\u017ea\u0159sk\u00fd are\u00e1l, jak m\u00e1 b\u00fdt. Pod\u00edvejte se na voln\u00e9 kapacity ubytov\u00e1n\u00ed a zarezervujte ho je\u0161t\u011b dnes. Dokonce i skipasy m\u016f\u017eete zakoupit dop\u0159edu, nyn\u00ed je\u0161t\u011b za lo\u0148sk\u00e9 ceny. To bude rodinn\u00e1 dovolen\u00e1, jak m\u00e1 b\u00fdt, p\u0159ipravte si bundy, ly\u017ee, prkna, s\u00e1\u0148ky, b\u011b\u017eky, a te\u010f u\u017e se jenom m\u016f\u017eete t\u011b\u0161it, jak\u00e9 z\u00e1\u017eitky v\u00e1s a va\u0161e d\u011bti \u010dekaj\u00ed tuto nadch\u00e1zej\u00edc\u00ed zimu.                                                                                                                                                                                                                                                                                                                                                                                           4.1\/5 - (8 votes)        "},{"@context":"https:\/\/schema.org\/","@type":"BreadcrumbList","itemListElement":[{"@type":"ListItem","position":1,"name":"Zimn\u00ed pr\u00e1zdniny a jejich program","item":"https:\/\/www.oppa.cz\/zimni-prazdniny-a-jejich-program\/#breadcrumbitem"}]}]